{"id":1256,"date":"2024-09-09T13:49:24","date_gmt":"2024-09-09T11:49:24","guid":{"rendered":"http:\/\/lfdidf.fr\/?p=1256"},"modified":"2024-09-09T13:49:24","modified_gmt":"2024-09-09T11:49:24","slug":"assemblee-generale","status":"publish","type":"post","link":"https:\/\/lfdidf.fr\/index.php\/2024\/09\/09\/assemblee-generale\/","title":{"rendered":"Assembl\u00e9e G\u00e9n\u00e9rale"},"content":{"rendered":"\n<p>Vendredi 6 septembre 2024, Arcueil<\/p>\n\n\n\n<p>L&rsquo;assembl\u00e9e g\u00e9n\u00e9rale de la ligue flying disc \u00cele-de-France a \u00e9lu pour quatre ans un nouveau comit\u00e9 directeur et son nouveau pr\u00e9sident lors de la soir\u00e9e du 6 septembre. Les r\u00e8gles de parit\u00e9 n&rsquo;ont pas permis de remplir l&rsquo;ensemble des onze postes que composent le comit\u00e9. Voici le r\u00e9sultat des \u00e9lections.<\/p>\n\n\n\n<p>Pr\u00e9sidence : Franck Leygues<br>Comit\u00e9 directeur (et r\u00f4le au bureau, \u00e0 confirmer lors d&rsquo;une r\u00e9union du CD) :<\/p>\n\n\n\n<ul class=\"wp-block-list\">\n<li>Olga Tokareva (Secr\u00e9tariat)<\/li>\n\n\n\n<li>Cassandra Rich\u00e9 (Tr\u00e9sorerie)<\/li>\n\n\n\n<li>R\u00e9gis Brouard (Vice-secr\u00e9tariat)<\/li>\n\n\n\n<li>Benjamin Bourdon (Vice-pr\u00e9sidence)<\/li>\n\n\n\n<li>Olivier Thuillier<\/li>\n\n\n\n<li>Alexis Pertsov<\/li>\n\n\n\n<li>Olivier Herouard<\/li>\n<\/ul>\n\n\n\n<p>Il reste 3 postes vacants au comit\u00e9 directeur qui pourront \u00eatre attribu\u00e9s \u00e0 des femmes en cours de mandat. La proportion des femmes est quasi paritaire au sein du bureau mais est en-dessous, y compris en dessous de la proportion de licenci\u00e9e f\u00e9minines r\u00e9gionale (~30%), au sein du comit\u00e9 directeur. N&rsquo;h\u00e9sitez pas \u00e0 en parler dans vos clubs, notamment si vous avez une \u00e9quipe f\u00e9minine.<\/p>\n\n\n\n<p>Parmi les grands axes mentionn\u00e9s par le comit\u00e9 directeur pour le d\u00e9but du mandat :<\/p>\n\n\n\n<ul class=\"wp-block-list\">\n<li>cr\u00e9er des liens institutionnels, notamment avec la r\u00e9gion<\/li>\n\n\n\n<li>pr\u00e9voir l&rsquo;arriv\u00e9e d&rsquo;une personne\u00a0salari\u00e9e<\/li>\n<\/ul>\n\n\n\n<p><\/p>\n","protected":false},"excerpt":{"rendered":"<p>Vendredi 6 septembre 2024, Arcueil L&rsquo;assembl\u00e9e g\u00e9n\u00e9rale de la ligue flying disc \u00cele-de-France a \u00e9lu pour quatre ans un nouveau comit\u00e9 directeur et son nouveau pr\u00e9sident lors de la soir\u00e9e du 6 septembre. Les r\u00e8gles de parit\u00e9 n&rsquo;ont pas permis de remplir l&rsquo;ensemble des onze postes que composent le comit\u00e9. Voici le r\u00e9sultat des \u00e9lections. [&hellip;]<\/p>\n","protected":false},"author":3,"featured_media":1257,"comment_status":"open","ping_status":"open","sticky":false,"template":"","format":"standard","meta":{"footnotes":""},"categories":[1],"tags":[],"class_list":["post-1256","post","type-post","status-publish","format-standard","has-post-thumbnail","hentry","category-non-classe"],"_links":{"self":[{"href":"https:\/\/lfdidf.fr\/index.php\/wp-json\/wp\/v2\/posts\/1256","targetHints":{"allow":["GET"]}}],"collection":[{"href":"https:\/\/lfdidf.fr\/index.php\/wp-json\/wp\/v2\/posts"}],"about":[{"href":"https:\/\/lfdidf.fr\/index.php\/wp-json\/wp\/v2\/types\/post"}],"author":[{"embeddable":true,"href":"https:\/\/lfdidf.fr\/index.php\/wp-json\/wp\/v2\/users\/3"}],"replies":[{"embeddable":true,"href":"https:\/\/lfdidf.fr\/index.php\/wp-json\/wp\/v2\/comments?post=1256"}],"version-history":[{"count":1,"href":"https:\/\/lfdidf.fr\/index.php\/wp-json\/wp\/v2\/posts\/1256\/revisions"}],"predecessor-version":[{"id":1258,"href":"https:\/\/lfdidf.fr\/index.php\/wp-json\/wp\/v2\/posts\/1256\/revisions\/1258"}],"wp:featuredmedia":[{"embeddable":true,"href":"https:\/\/lfdidf.fr\/index.php\/wp-json\/wp\/v2\/media\/1257"}],"wp:attachment":[{"href":"https:\/\/lfdidf.fr\/index.php\/wp-json\/wp\/v2\/media?parent=1256"}],"wp:term":[{"taxonomy":"category","embeddable":true,"href":"https:\/\/lfdidf.fr\/index.php\/wp-json\/wp\/v2\/categories?post=1256"},{"taxonomy":"post_tag","embeddable":true,"href":"https:\/\/lfdidf.fr\/index.php\/wp-json\/wp\/v2\/tags?post=1256"}],"curies":[{"name":"wp","href":"https:\/\/api.w.org\/{rel}","templated":true}]}}