{"id":1760,"date":"2025-09-15T09:01:32","date_gmt":"2025-09-15T07:01:32","guid":{"rendered":"https:\/\/lfdidf.fr\/?p=1760"},"modified":"2025-09-15T09:27:20","modified_gmt":"2025-09-15T07:27:20","slug":"ultimate-coupe-ile-de-france-feminine-5vs5-outdoor","status":"publish","type":"post","link":"https:\/\/lfdidf.fr\/index.php\/2025\/09\/15\/ultimate-coupe-ile-de-france-feminine-5vs5-outdoor\/","title":{"rendered":"ULTIMATE &#8211; Coupe \u00cele-de-France F\u00e9minine 5vs5 Outdoor"},"content":{"rendered":"\n<p>Baillet-en-France, 14 septembre 2025<\/p>\n\n\n\n<p>Cette ann\u00e9e la coupe f\u00e9minine arrive tr\u00e8s t\u00f4t dans la saison du fait de changements de dates des comp\u00e9titions nationales. La participation des clubs \u00e9tait donc un peu moins importantes mais la motivation de la ligue a faire perdurer cette comp\u00e9tition initi\u00e9e depuis plusieurs ann\u00e9es en \u00cele-de-France reste intacte. Nous esp\u00e9rons pouvoir proposer d&rsquo;autres comp\u00e9titions f\u00e9minines dans la saison. Un sujet travaill\u00e9 au sein de la commission f\u00e9minine.<\/p>\n\n\n\n<p>Un grand merci \u00e0 l&rsquo;organisation du club F5 et bravo \u00e0 toutes les participantes. C&rsquo;\u00e9tait \u00e9galement l&rsquo;occasion de la premi\u00e8re concr\u00e9tisation du projet de la ligue de fabriquer elle m\u00eame ses m\u00e9dailles et troph\u00e9es.<\/p>\n\n\n\n<figure class=\"wp-block-gallery has-nested-images columns-default is-cropped wp-block-gallery-1 is-layout-flex wp-block-gallery-is-layout-flex\">\n<figure class=\"wp-block-image size-large\"><img loading=\"lazy\" decoding=\"async\" width=\"1024\" height=\"768\" data-id=\"1761\" src=\"https:\/\/lfdidf.fr\/wp-content\/uploads\/2025\/09\/WhatsApp-Image-2025-09-14-a-16.34.20_e56003b0-1024x768.jpg\" alt=\"\" class=\"wp-image-1761\" srcset=\"https:\/\/lfdidf.fr\/wp-content\/uploads\/2025\/09\/WhatsApp-Image-2025-09-14-a-16.34.20_e56003b0-1024x768.jpg 1024w, https:\/\/lfdidf.fr\/wp-content\/uploads\/2025\/09\/WhatsApp-Image-2025-09-14-a-16.34.20_e56003b0-300x225.jpg 300w, https:\/\/lfdidf.fr\/wp-content\/uploads\/2025\/09\/WhatsApp-Image-2025-09-14-a-16.34.20_e56003b0-768x576.jpg 768w, https:\/\/lfdidf.fr\/wp-content\/uploads\/2025\/09\/WhatsApp-Image-2025-09-14-a-16.34.20_e56003b0-1536x1152.jpg 1536w, https:\/\/lfdidf.fr\/wp-content\/uploads\/2025\/09\/WhatsApp-Image-2025-09-14-a-16.34.20_e56003b0-128x96.jpg 128w, https:\/\/lfdidf.fr\/wp-content\/uploads\/2025\/09\/WhatsApp-Image-2025-09-14-a-16.34.20_e56003b0-32x24.jpg 32w, https:\/\/lfdidf.fr\/wp-content\/uploads\/2025\/09\/WhatsApp-Image-2025-09-14-a-16.34.20_e56003b0.jpg 1600w\" sizes=\"auto, (max-width: 1024px) 100vw, 1024px\" \/><\/figure>\n\n\n\n<figure class=\"wp-block-image size-large\"><img loading=\"lazy\" decoding=\"async\" width=\"2048\" height=\"1536\" data-id=\"1763\" src=\"https:\/\/lfdidf.fr\/wp-content\/uploads\/2025\/09\/WhatsApp-Image-2025-09-14-a-16.02.06_91cd1e85-edited.jpg\" alt=\"\" class=\"wp-image-1763\" srcset=\"https:\/\/lfdidf.fr\/wp-content\/uploads\/2025\/09\/WhatsApp-Image-2025-09-14-a-16.02.06_91cd1e85-edited.jpg 2048w, https:\/\/lfdidf.fr\/wp-content\/uploads\/2025\/09\/WhatsApp-Image-2025-09-14-a-16.02.06_91cd1e85-edited-300x225.jpg 300w, https:\/\/lfdidf.fr\/wp-content\/uploads\/2025\/09\/WhatsApp-Image-2025-09-14-a-16.02.06_91cd1e85-edited-1024x768.jpg 1024w, https:\/\/lfdidf.fr\/wp-content\/uploads\/2025\/09\/WhatsApp-Image-2025-09-14-a-16.02.06_91cd1e85-edited-768x576.jpg 768w, https:\/\/lfdidf.fr\/wp-content\/uploads\/2025\/09\/WhatsApp-Image-2025-09-14-a-16.02.06_91cd1e85-edited-1536x1152.jpg 1536w, https:\/\/lfdidf.fr\/wp-content\/uploads\/2025\/09\/WhatsApp-Image-2025-09-14-a-16.02.06_91cd1e85-edited-128x96.jpg 128w, https:\/\/lfdidf.fr\/wp-content\/uploads\/2025\/09\/WhatsApp-Image-2025-09-14-a-16.02.06_91cd1e85-edited-32x24.jpg 32w\" sizes=\"auto, (max-width: 2048px) 100vw, 2048px\" \/><\/figure>\n<\/figure>\n\n\n\n<p>voici le classement final<\/p>\n\n\n\n<ol class=\"wp-block-list\">\n<li>LILLIMACE<\/li>\n\n\n\n<li>TSUNAMISS<\/li>\n\n\n\n<li>F6\u2019TERS<\/li>\n\n\n\n<li>REVO<\/li>\n\n\n\n<li>LILLIBELLULE<\/li>\n\n\n\n<li>HOT<\/li>\n<\/ol>\n\n\n\n<p>Esprit de jeu<br>LILLIMACE et TSUNAMISS \u00c0&nbsp;\u00c9GALIT\u00c9<\/p>\n\n\n\n<p>#flyingdisc #france #flyingdiscfrance #ultimate #franceultimate #coupe #idf #feminine #outdoor #5vs5<\/p>\n","protected":false},"excerpt":{"rendered":"<p>Baillet-en-France, 14 septembre 2025 Cette ann\u00e9e la coupe f\u00e9minine arrive tr\u00e8s t\u00f4t dans la saison du fait de changements de dates des comp\u00e9titions nationales. La participation des clubs \u00e9tait donc un peu moins importantes mais la motivation de la ligue a faire perdurer cette comp\u00e9tition initi\u00e9e depuis plusieurs ann\u00e9es en \u00cele-de-France reste intacte. Nous esp\u00e9rons [&hellip;]<\/p>\n","protected":false},"author":3,"featured_media":0,"comment_status":"closed","ping_status":"closed","sticky":false,"template":"","format":"standard","meta":{"footnotes":""},"categories":[1],"tags":[],"class_list":["post-1760","post","type-post","status-publish","format-standard","hentry","category-non-classe"],"_links":{"self":[{"href":"https:\/\/lfdidf.fr\/index.php\/wp-json\/wp\/v2\/posts\/1760","targetHints":{"allow":["GET"]}}],"collection":[{"href":"https:\/\/lfdidf.fr\/index.php\/wp-json\/wp\/v2\/posts"}],"about":[{"href":"https:\/\/lfdidf.fr\/index.php\/wp-json\/wp\/v2\/types\/post"}],"author":[{"embeddable":true,"href":"https:\/\/lfdidf.fr\/index.php\/wp-json\/wp\/v2\/users\/3"}],"replies":[{"embeddable":true,"href":"https:\/\/lfdidf.fr\/index.php\/wp-json\/wp\/v2\/comments?post=1760"}],"version-history":[{"count":2,"href":"https:\/\/lfdidf.fr\/index.php\/wp-json\/wp\/v2\/posts\/1760\/revisions"}],"predecessor-version":[{"id":1765,"href":"https:\/\/lfdidf.fr\/index.php\/wp-json\/wp\/v2\/posts\/1760\/revisions\/1765"}],"wp:attachment":[{"href":"https:\/\/lfdidf.fr\/index.php\/wp-json\/wp\/v2\/media?parent=1760"}],"wp:term":[{"taxonomy":"category","embeddable":true,"href":"https:\/\/lfdidf.fr\/index.php\/wp-json\/wp\/v2\/categories?post=1760"},{"taxonomy":"post_tag","embeddable":true,"href":"https:\/\/lfdidf.fr\/index.php\/wp-json\/wp\/v2\/tags?post=1760"}],"curies":[{"name":"wp","href":"https:\/\/api.w.org\/{rel}","templated":true}]}}